{"id":3739,"date":"2023-02-28T19:35:31","date_gmt":"2023-02-28T22:35:31","guid":{"rendered":"http:\/\/zoomproducciones.com.ar\/zoomp\/?p=3739"},"modified":"2023-02-28T19:35:32","modified_gmt":"2023-02-28T22:35:32","slug":"fernandez-nuestra-gestion-fue-buena-por-mas-que-se-empenen-en-taparlo","status":"publish","type":"post","link":"http:\/\/zoomproducciones.com.ar\/zoomp\/fernandez-nuestra-gestion-fue-buena-por-mas-que-se-empenen-en-taparlo\/","title":{"rendered":"Fern\u00e1ndez: \u00bbnuestra gesti\u00f3n fue buena por m\u00e1s que se empe\u00f1en en taparlo\u00bb"},"content":{"rendered":"\n<p>El Presidente se\u00f1al\u00f3 que los resultados de su gesti\u00f3n \u00abfueron buenos, por m\u00e1s que se empe\u00f1en en taparlos\u00bb. Su discurso fue parte de la inauguraci\u00f3n\u00a0del nuevo Colector Cloacal Mor\u00f3n Sur y las nuevas redes secundarias.<\/p>\n\n\n\n<p>El presidente Alberto Fern\u00e1ndez dijo este martes que <strong>\u00abno importa qui\u00e9n va presidir el pa\u00eds\u00bb<\/strong> a partir del 10 de diciembre pr\u00f3ximo, sino que<strong> \u00absea uno de los nuestros\u00bb<\/strong>, en referencia a los integrantes del Frente de Todos (FdT).<\/p>\n\n\n\n<p>Adem\u00e1s record\u00f3 que cuando fueron electos<strong> Fernando de La R\u00faa y Mauricio Macri \u201cel pa\u00eds se desmoron\u00f3\u201d. <\/strong><\/p>\n\n\n\n<p>El jefe de Estado encabez\u00f3 este mediod\u00eda el acto con el que se certific\u00f3 la cobertura total de cloacas en el partido bonaerense de Mor\u00f3n. En su discurso <strong>reivindic\u00f3 su gesti\u00f3n <\/strong>a pesar del \u201ccontexto\u201d de los \u00faltimos tres a\u00f1os.<\/p>\n\n\n\n<p><strong>\u201cLlevamos tres a\u00f1os muy dif\u00edciles. <\/strong>Lo que <strong>Macri <\/strong>nos dej\u00f3, que no hay que olvidarlo, porque <strong>nos dej\u00f3 54 puntos de inflaci\u00f3n,<\/strong> un endeudamiento como nunca,<strong> obligaciones imposibles de cumplir<\/strong>\u00bb expres\u00f3 el mandatario. <\/p>\n\n\n\n<p>\u00bb<strong>Al d\u00eda 99 vino una pandemia que se llev\u00f3 10 millones de vidas.<\/strong> Cuando estaba por superarse, <strong>se desat\u00f3 una guerra<\/strong>. Planteo este escenario para que sepamos c\u00f3mo podemos hacer obras como \u00e9sta en semejante contexto. La respuesta es simple, hay decisi\u00f3n pol\u00edtica\u201d, se\u00f1al\u00f3. <\/p>\n\n\n\n<p>Acompa\u00f1ado por el ministro de Obras P\u00fablicas, <strong>Gabriel Katopodis<\/strong>; el gobernador bonaerense, <strong>Axel Kicillof<\/strong>; el intendente local, <strong>Lucas Ghi<\/strong>; la titular de AySa, <strong>Malena Galmarini<\/strong>, y el ministro de Econom\u00eda, <strong>Sergio Massa <\/strong>en primera fila, Fern\u00e1ndez inaugur\u00f3 una obra de saneamiento en Mor\u00f3n.<\/p>\n\n\n\n<p>TELAM SE 2022. <\/p>\n","protected":false},"excerpt":{"rendered":"<p>El Presidente se\u00f1al\u00f3 que los resultados de su gesti\u00f3n \u00abfueron buenos, por m\u00e1s que se empe\u00f1en en taparlos\u00bb. Su discurso fue parte de la inauguraci\u00f3n\u00a0del nuevo Colector Cloacal Mor\u00f3n Sur y las nuevas redes secundarias. El presidente Alberto Fern\u00e1ndez dijo este martes que \u00abno importa qui\u00e9n va presidir el pa\u00eds\u00bb a partir del 10 de [&hellip;]<\/p>\n","protected":false},"author":2,"featured_media":0,"comment_status":"closed","ping_status":"open","sticky":false,"template":"","format":"standard","meta":{"footnotes":""},"categories":[8],"tags":[118,42,117],"class_list":{"0":"post-3739","1":"post","2":"type-post","3":"status-publish","4":"format-standard","6":"category-nacionales","7":"tag-argentina","8":"tag-featured","9":"tag-gobierno-nacional"},"_links":{"self":[{"href":"http:\/\/zoomproducciones.com.ar\/zoomp\/wp-json\/wp\/v2\/posts\/3739","targetHints":{"allow":["GET"]}}],"collection":[{"href":"http:\/\/zoomproducciones.com.ar\/zoomp\/wp-json\/wp\/v2\/posts"}],"about":[{"href":"http:\/\/zoomproducciones.com.ar\/zoomp\/wp-json\/wp\/v2\/types\/post"}],"author":[{"embeddable":true,"href":"http:\/\/zoomproducciones.com.ar\/zoomp\/wp-json\/wp\/v2\/users\/2"}],"replies":[{"embeddable":true,"href":"http:\/\/zoomproducciones.com.ar\/zoomp\/wp-json\/wp\/v2\/comments?post=3739"}],"version-history":[{"count":1,"href":"http:\/\/zoomproducciones.com.ar\/zoomp\/wp-json\/wp\/v2\/posts\/3739\/revisions"}],"predecessor-version":[{"id":3742,"href":"http:\/\/zoomproducciones.com.ar\/zoomp\/wp-json\/wp\/v2\/posts\/3739\/revisions\/3742"}],"wp:attachment":[{"href":"http:\/\/zoomproducciones.com.ar\/zoomp\/wp-json\/wp\/v2\/media?parent=3739"}],"wp:term":[{"taxonomy":"category","embeddable":true,"href":"http:\/\/zoomproducciones.com.ar\/zoomp\/wp-json\/wp\/v2\/categories?post=3739"},{"taxonomy":"post_tag","embeddable":true,"href":"http:\/\/zoomproducciones.com.ar\/zoomp\/wp-json\/wp\/v2\/tags?post=3739"}],"curies":[{"name":"wp","href":"https:\/\/api.w.org\/{rel}","templated":true}]}}