{"id":3705,"date":"2023-02-28T09:35:10","date_gmt":"2023-02-28T12:35:10","guid":{"rendered":"http:\/\/zoomproducciones.com.ar\/zoomp\/?p=3705"},"modified":"2023-02-28T09:38:15","modified_gmt":"2023-02-28T12:38:15","slug":"ministros-de-educacion-y-obras-publicas-llegan-a-corrientes","status":"publish","type":"post","link":"http:\/\/zoomproducciones.com.ar\/zoomp\/ministros-de-educacion-y-obras-publicas-llegan-a-corrientes\/","title":{"rendered":"Ministros de Educaci\u00f3n y Obras P\u00fablicas llegan a Corrientes"},"content":{"rendered":"\n<p>Jaime Perczyk, Ministro de Educaci\u00f3n Nacional, y Gabriel Katopodis, Ministro de Obras P\u00fablicas de la Naci\u00f3n, llegan a Corrientes este viernes 3 de marzo. Acompa\u00f1ados por autoridades provinciales, inagurar\u00e1n escuelas, supervisar\u00e1n obras y anunciar\u00e1n m\u00e1s inversiones del Gobierno para la Provincia.<\/p>\n\n\n\n<p>El Ministro de Educaci\u00f3n de la Naci\u00f3n y el Ministro de Obras P\u00fablicas llegar\u00e1n a Corrientes este viernes. Ambos, junto a autoridades del Gobierno de Gustavo Vald\u00e9s, llevar\u00e1n a cabo una serie de actividades en la Capital.<\/p>\n\n\n\n<h2 class=\"wp-block-heading\">Agenda<\/h2>\n\n\n\n<p><strong>Los ministros inaugurar\u00e1n obras que fueron financiadas por el Estado Nacional<\/strong>&nbsp; como el Jard\u00edn de Infantes de la Escuela Primaria N\u00ba13 Republica del Per\u00fa en el barrio \u201cPunta Taitalo\u201d de la Cuidad de Corrientes.<\/p>\n\n\n\n<p>Tambi\u00e9n&nbsp;&nbsp;<strong>habilitar\u00e1n el Centro de Simulaci\u00f3n para Enfermer\u00eda en el Instituto Superior de Servicio Social \u00abRemedios de Escalada\u00bb<\/strong>&nbsp; (Hip\u00f3lito Irigoyen 2145); visitar\u00e1n la construcci\u00f3n de la Escuela T\u00e9cnica \u00abConstrucciones Portuarias y V\u00edas Navegables\u00bb (Av. Vera 1387).<\/p>\n\n\n\n<p>Adem\u00e1s,<strong>&nbsp; realizar\u00e1n anuncio de m\u00e1s inversiones del Estado Nacional para la Provincia de Corrientes<\/strong>,&nbsp; particularmente en materia educativa. Hace pocos d\u00edas Educaci\u00f3n de la Naci\u00f3n licit\u00f3 la construcci\u00f3n de otras 2 Escuelas en Tapebicu\u00e1, San Luis del Palmar; 3 Jardines en Capital, Yofre y Santa Ana por $443.106.279.<\/p>\n\n\n\n<p>El 21 de diciembre la Naci\u00f3n abri\u00f3 los sobres de ofertas de <strong>11 obras en escuelas primarias, secundarias, jardines de infantes y playones deportivos<\/strong> por $970 millones para Chavarr\u00eda, Capital, It\u00e1 Ibat\u00e9, Curuz\u00fa Cuati\u00e1, Concepci\u00f3n, San Miguel, Ca\u00e1 Cat\u00ed, Bella Vista, La Cruz, La Cruz.<\/p>\n\n\n\n<p>A fines de noviembre de 2022 Educaci\u00f3n de la Naci\u00f3n tambi\u00e9n abri\u00f3 los sobres de ofertas para <strong>construir 4 Escuelas T\u00e9cnicas de Educaci\u00f3n Profesional Secundaria por $1.786 millones<\/strong>: una en Santa Catalina, otra en Santa Luc\u00eda, otra en Lavalle y La Cruz.<\/p>\n\n\n\n<p>Datos: El Litoral.<\/p>\n","protected":false},"excerpt":{"rendered":"<p>Jaime Perczyk, Ministro de Educaci\u00f3n Nacional, y Gabriel Katopodis, Ministro de Obras P\u00fablicas de la Naci\u00f3n, llegan a Corrientes este viernes 3 de marzo. Acompa\u00f1ados por autoridades provinciales, inagurar\u00e1n escuelas, supervisar\u00e1n obras y anunciar\u00e1n m\u00e1s inversiones del Gobierno para la Provincia. El Ministro de Educaci\u00f3n de la Naci\u00f3n y el Ministro de Obras P\u00fablicas llegar\u00e1n [&hellip;]<\/p>\n","protected":false},"author":2,"featured_media":0,"comment_status":"closed","ping_status":"open","sticky":false,"template":"","format":"standard","meta":{"footnotes":""},"categories":[3],"tags":[125,42,117,113],"class_list":{"0":"post-3705","1":"post","2":"type-post","3":"status-publish","4":"format-standard","6":"category-provinciales","7":"tag-corrientes","8":"tag-featured","9":"tag-gobierno-nacional","10":"tag-gobierno-provincial"},"_links":{"self":[{"href":"http:\/\/zoomproducciones.com.ar\/zoomp\/wp-json\/wp\/v2\/posts\/3705","targetHints":{"allow":["GET"]}}],"collection":[{"href":"http:\/\/zoomproducciones.com.ar\/zoomp\/wp-json\/wp\/v2\/posts"}],"about":[{"href":"http:\/\/zoomproducciones.com.ar\/zoomp\/wp-json\/wp\/v2\/types\/post"}],"author":[{"embeddable":true,"href":"http:\/\/zoomproducciones.com.ar\/zoomp\/wp-json\/wp\/v2\/users\/2"}],"replies":[{"embeddable":true,"href":"http:\/\/zoomproducciones.com.ar\/zoomp\/wp-json\/wp\/v2\/comments?post=3705"}],"version-history":[{"count":2,"href":"http:\/\/zoomproducciones.com.ar\/zoomp\/wp-json\/wp\/v2\/posts\/3705\/revisions"}],"predecessor-version":[{"id":3710,"href":"http:\/\/zoomproducciones.com.ar\/zoomp\/wp-json\/wp\/v2\/posts\/3705\/revisions\/3710"}],"wp:attachment":[{"href":"http:\/\/zoomproducciones.com.ar\/zoomp\/wp-json\/wp\/v2\/media?parent=3705"}],"wp:term":[{"taxonomy":"category","embeddable":true,"href":"http:\/\/zoomproducciones.com.ar\/zoomp\/wp-json\/wp\/v2\/categories?post=3705"},{"taxonomy":"post_tag","embeddable":true,"href":"http:\/\/zoomproducciones.com.ar\/zoomp\/wp-json\/wp\/v2\/tags?post=3705"}],"curies":[{"name":"wp","href":"https:\/\/api.w.org\/{rel}","templated":true}]}}