{"id":3694,"date":"2023-02-28T09:06:25","date_gmt":"2023-02-28T12:06:25","guid":{"rendered":"http:\/\/zoomproducciones.com.ar\/zoomp\/?p=3694"},"modified":"2023-02-28T09:06:26","modified_gmt":"2023-02-28T12:06:26","slug":"anses-conoce-el-calendario-de-pagos-para-marzo-2023","status":"publish","type":"post","link":"http:\/\/zoomproducciones.com.ar\/zoomp\/anses-conoce-el-calendario-de-pagos-para-marzo-2023\/","title":{"rendered":"ANSES: conoc\u00e9 el calendario de pagos para marzo 2023"},"content":{"rendered":"\n<p>Este martes se ha dado a conocer oficialmente el\u00a0<strong>calendario de pagos de marzo<\/strong>\u00a0del<strong>\u00a02023<\/strong>\u00a0de la\u00a0<strong>Administraci\u00f3n Nacional de la Seguridad Social (ANSES)<\/strong>. <\/p>\n\n\n\n<p>El organismo que encabeza\u00a0<strong>Fernanda Raverta<\/strong>\u00a0ha informado las fechas en las que aquellos que sean beneficiarios de\u00a0<strong>planes sociales<\/strong>\u00a0van a cobrar sus haberes mensuales.<\/p>\n\n\n\n<h2 class=\"wp-block-heading\">Calendario<\/h2>\n\n\n\n<p><strong>Pensiones no Contributivas (PNC)<\/strong><\/p>\n\n\n\n<ul class=\"wp-block-list\">\n<li>DNI terminados en 0 y 1: mi\u00e9rcoles 1\u00b0 de marzo<\/li>\n\n\n\n<li>DNI terminados en 2 y 3: jueves 2 de marzo<\/li>\n\n\n\n<li>DNI terminados en 4 y 5: viernes 3 de marzo<\/li>\n\n\n\n<li>DNI terminados en 6 y 7: lunes 6 de marzo<\/li>\n\n\n\n<li>DNI terminados en 8 y 9: martes 7 de marzo<\/li>\n<\/ul>\n\n\n\n<p><strong>Jubilados que no superen la m\u00ednima<\/strong><\/p>\n\n\n\n<ul class=\"wp-block-list\">\n<li>Documentos terminados en 0: mi\u00e9rcoles 8 de marzo<\/li>\n\n\n\n<li>Documentos terminados en 1: jueves 9 de marzo<\/li>\n\n\n\n<li>Documentos terminados en 2: viernes 10 de marzo<\/li>\n\n\n\n<li>Documentos terminados en 3: lunes 13 de marzo<\/li>\n\n\n\n<li>Documentos terminados en 4: martes 14 de marzo<\/li>\n\n\n\n<li>Documentos terminados en 5: mi\u00e9rcoles 15 de marzo<\/li>\n\n\n\n<li>Documentos terminados en 6: jueves 16 de marzo<\/li>\n\n\n\n<li>Documentos terminados en 7: viernes 17 de marzo<\/li>\n\n\n\n<li>Documentos terminados en 8: lunes 20 de marzo<\/li>\n\n\n\n<li>Documentos terminados en 9: martes 21 de marzo<\/li>\n<\/ul>\n\n\n\n<p><strong>Jubilados que superen la m\u00ednima<\/strong><\/p>\n\n\n\n<ul class=\"wp-block-list\">\n<li>Documentos terminados en 0 y 1: mi\u00e9rcoles 22 de marzo<\/li>\n\n\n\n<li>Documentos terminados en 2 y 3: jueves 23 de marzo<\/li>\n\n\n\n<li>Documentos terminados en 4 y 5: lunes 27 de marzo<\/li>\n\n\n\n<li>Documentos terminados en 6 y 7: martes 28 de marzo<\/li>\n\n\n\n<li>Documentos terminados en 8 y 9: mi\u00e9rcoles 29 de marzo<\/li>\n<\/ul>\n\n\n\n<p><strong>Asignaci\u00f3n Universal por Hijo (AUH) y Tarjeta Alimentar<\/strong><\/p>\n\n\n\n<ul class=\"wp-block-list\">\n<li>Documentos terminados en 0: mi\u00e9rcoles 8 de marzo<\/li>\n\n\n\n<li>Documentos terminados en 1: jueves 9 de marzo<\/li>\n\n\n\n<li>Documentos terminados en 2: viernes 10 de marzo<\/li>\n\n\n\n<li>Documentos terminados en 3: lunes 13 de marzo<\/li>\n\n\n\n<li>Documentos terminados en 4: martes 14 de marzo<\/li>\n\n\n\n<li>Documentos terminados en 5: mi\u00e9rcoles 15 de marzo<\/li>\n\n\n\n<li>Documentos terminados en 6: jueves 16 de marzo<\/li>\n\n\n\n<li>Documentos terminados en 7: viernes 17 de marzo<\/li>\n\n\n\n<li>Documentos terminados en 8: lunes 20 de marzo<\/li>\n\n\n\n<li>Documentos terminados en 9: martes 21 de marzo<\/li>\n<\/ul>\n\n\n\n<p><strong>Asignaci\u00f3n Universal por Embarazo (AUE)<\/strong><\/p>\n\n\n\n<ul class=\"wp-block-list\">\n<li>Documentos terminados en 0: viernes 10 de marzo<\/li>\n\n\n\n<li>Documentos terminados en 1: lunes 13 de marzo<\/li>\n\n\n\n<li>Documentos terminados en 2: lunes 14 de marzo<\/li>\n\n\n\n<li>Documentos terminados en 3: martes 15 de marzo<\/li>\n\n\n\n<li>Documentos terminados en 4: mi\u00e9rcoles 16 de marzo<\/li>\n\n\n\n<li>Documentos terminados en 5: jueves 17 de marzo<\/li>\n\n\n\n<li>Documentos terminados en 6: lunes 20 de marzo<\/li>\n\n\n\n<li>Documentos terminados en 7: martes 21 de marzo<\/li>\n\n\n\n<li>Documentos terminados en 8: mi\u00e9rcoles 22 de marzo<\/li>\n\n\n\n<li>Documentos terminados en 9: jueves 23 de marzo<\/li>\n<\/ul>\n\n\n\n<p><strong>Asignaci\u00f3n por Prenatal y Maternidad<\/strong><\/p>\n\n\n\n<ul class=\"wp-block-list\">\n<li>DNI terminados en 0 y 1: lunes 13 de marzo<\/li>\n\n\n\n<li>DNI terminados en 2 y 3: martes 14 de marzo<\/li>\n\n\n\n<li>DNI terminados en 4 y 5: mi\u00e9rcoles 15 de marzo<\/li>\n\n\n\n<li>DNI terminados en 6 y 7: jueves 16 de marzo<\/li>\n\n\n\n<li>DNI terminados en 8 y 9: viernes 17 de marzo<\/li>\n<\/ul>\n\n\n\n<p><strong>Asignaciones Familiares de Pensiones No Contributivas<\/strong><\/p>\n\n\n\n<p>Se abonar\u00e1n entre el 8 de marzo y el 11 de abril, sin importar en qu\u00e9 n\u00famero termine el DNI del beneficiario.<\/p>\n\n\n\n<p><strong>Asignaciones de Pago \u00danico (APU)<\/strong><\/p>\n\n\n\n<p>Se pagar\u00e1 entre el 10 de marzo y el 10 de abril. La entrega ser\u00e1 para todos sus beneficiarios, siempre y cuando cumplan con ese plazo.<\/p>\n\n\n\n<p><strong>Prestaci\u00f3n por Desempleo<\/strong><\/p>\n\n\n\n<ul class=\"wp-block-list\">\n<li>DNI terminados en 0 y 1: mi\u00e9rcoles 22 de marzo<\/li>\n\n\n\n<li>DNI terminados en 2 y 3: jueves 23 de marzo<\/li>\n\n\n\n<li>DNI terminados en 4 y 5: lunes 27 de marzo<\/li>\n\n\n\n<li>DNI terminados en 6 y 7: martes 28 de marzo<\/li>\n\n\n\n<li>DNI terminados en 8 y 9: mi\u00e9rcoles 29 de marzo<\/li>\n<\/ul>\n","protected":false},"excerpt":{"rendered":"<p>Este martes se ha dado a conocer oficialmente el\u00a0calendario de pagos de marzo\u00a0del\u00a02023\u00a0de la\u00a0Administraci\u00f3n Nacional de la Seguridad Social (ANSES). El organismo que encabeza\u00a0Fernanda Raverta\u00a0ha informado las fechas en las que aquellos que sean beneficiarios de\u00a0planes sociales\u00a0van a cobrar sus haberes mensuales. Calendario Pensiones no Contributivas (PNC) Jubilados que no superen la m\u00ednima Jubilados que [&hellip;]<\/p>\n","protected":false},"author":2,"featured_media":0,"comment_status":"closed","ping_status":"open","sticky":false,"template":"","format":"standard","meta":{"footnotes":""},"categories":[8],"tags":[133,118,42],"class_list":{"0":"post-3694","1":"post","2":"type-post","3":"status-publish","4":"format-standard","6":"category-nacionales","7":"tag-anses","8":"tag-argentina","9":"tag-featured"},"_links":{"self":[{"href":"http:\/\/zoomproducciones.com.ar\/zoomp\/wp-json\/wp\/v2\/posts\/3694","targetHints":{"allow":["GET"]}}],"collection":[{"href":"http:\/\/zoomproducciones.com.ar\/zoomp\/wp-json\/wp\/v2\/posts"}],"about":[{"href":"http:\/\/zoomproducciones.com.ar\/zoomp\/wp-json\/wp\/v2\/types\/post"}],"author":[{"embeddable":true,"href":"http:\/\/zoomproducciones.com.ar\/zoomp\/wp-json\/wp\/v2\/users\/2"}],"replies":[{"embeddable":true,"href":"http:\/\/zoomproducciones.com.ar\/zoomp\/wp-json\/wp\/v2\/comments?post=3694"}],"version-history":[{"count":1,"href":"http:\/\/zoomproducciones.com.ar\/zoomp\/wp-json\/wp\/v2\/posts\/3694\/revisions"}],"predecessor-version":[{"id":3697,"href":"http:\/\/zoomproducciones.com.ar\/zoomp\/wp-json\/wp\/v2\/posts\/3694\/revisions\/3697"}],"wp:attachment":[{"href":"http:\/\/zoomproducciones.com.ar\/zoomp\/wp-json\/wp\/v2\/media?parent=3694"}],"wp:term":[{"taxonomy":"category","embeddable":true,"href":"http:\/\/zoomproducciones.com.ar\/zoomp\/wp-json\/wp\/v2\/categories?post=3694"},{"taxonomy":"post_tag","embeddable":true,"href":"http:\/\/zoomproducciones.com.ar\/zoomp\/wp-json\/wp\/v2\/tags?post=3694"}],"curies":[{"name":"wp","href":"https:\/\/api.w.org\/{rel}","templated":true}]}}