{"id":3684,"date":"2023-02-27T10:08:28","date_gmt":"2023-02-27T13:08:28","guid":{"rendered":"http:\/\/zoomproducciones.com.ar\/zoomp\/?p=3684"},"modified":"2023-02-27T10:08:29","modified_gmt":"2023-02-27T13:08:29","slug":"caso-baez-sosa-la-fiscalia-pidio-perpetua-para-los-ocho-rugbiers","status":"publish","type":"post","link":"http:\/\/zoomproducciones.com.ar\/zoomp\/caso-baez-sosa-la-fiscalia-pidio-perpetua-para-los-ocho-rugbiers\/","title":{"rendered":"Caso Baez Sosa: la fiscal\u00eda pidi\u00f3 perpetua para los ocho rugbiers"},"content":{"rendered":"\n<p>La<strong>\u00a0fiscal\u00eda<\/strong>\u00a0ha utilizado el recurso de apelaci\u00f3n ante el\u00a0<strong>Tribunal de Casaci\u00f3n Penal bonaerense<\/strong>\u00a0para reclamar que los<strong>\u00a0tres j\u00f3venes sentenciados a 15 a\u00f1os de c\u00e1rcel<\/strong> sean merecedores de la misma pena de<strong>\u00a0prisi\u00f3n perpetua<\/strong>. \u00a0<\/p>\n\n\n\n<p><strong>Juan Manuel D\u00e1vila y Gustavo Garc\u00eda<\/strong>, quienes llevaron adelante la acusaci\u00f3n fiscal ante el<strong>\u00a0TOC 1 de la ciudad de Dolores<\/strong>, consideranque todos los acusados fueron coautores del delito de <strong>\u00abhomicidio agravado por alevos\u00eda y por el concurso premeditado de dos o m\u00e1s personas, en concurso ideal con lesiones leves\u00bb.<\/strong><\/p>\n\n\n\n<p>Seg\u00fan argumentaron,\u00a0<strong>Blas Cinalli\u00a0<\/strong>(21),\u00a0<strong>Ayrton Viollaz<\/strong>\u00a0(23) y\u00a0<strong>Lucas\u00a0Pertoss<\/strong>i (24) tuvieron el mismo grado de responsabilidad que\u00a0<strong>M\u00e1ximo Thomsen<\/strong>\u00a0(23),\u00a0<strong>Enzo Comelli<\/strong>\u00a0(23),\u00a0<strong>Mat\u00edas Benicelli<\/strong>\u00a0(23) y<strong>\u00a0Luciano<\/strong>\u00a0(21) y<strong>\u00a0Ciro Pertossi\u00a0<\/strong>(22) en el homicidio ocurrido frente al boliche\u00a0<strong>\u00abLe Brique\u00bb.<\/strong><\/p>\n\n\n\n<p>D\u00e1vila y Garc\u00eda rechazaron la calificaci\u00f3n de \u00abpart\u00edcipes secundarios\u00bb impuesta por el fallo de los <strong>jueces<\/strong>\u00a0<strong>Mar\u00eda Claudia Castro, Emiliano L\u00e1zzari y Christian Rabaia<\/strong>, y entendieron que <strong>Cinalli, Viollaz y Lucas Pertossi<\/strong> deben recibir la misma pena de prisi\u00f3n perpetua fijada para los otros cinco.<\/p>\n\n\n\n<p>La presentaci\u00f3n fue formulada ante el tribunal que llev\u00f3 adelante el debate oral, que ser\u00e1 el que resuelva si el recurso es admisible, y en ese caso ser\u00e1 remitido a Casaci\u00f3n.\u00a0<\/p>\n","protected":false},"excerpt":{"rendered":"<p>La\u00a0fiscal\u00eda\u00a0ha utilizado el recurso de apelaci\u00f3n ante el\u00a0Tribunal de Casaci\u00f3n Penal bonaerense\u00a0para reclamar que los\u00a0tres j\u00f3venes sentenciados a 15 a\u00f1os de c\u00e1rcel sean merecedores de la misma pena de\u00a0prisi\u00f3n perpetua. \u00a0 Juan Manuel D\u00e1vila y Gustavo Garc\u00eda, quienes llevaron adelante la acusaci\u00f3n fiscal ante el\u00a0TOC 1 de la ciudad de Dolores, consideranque todos los acusados [&hellip;]<\/p>\n","protected":false},"author":2,"featured_media":0,"comment_status":"closed","ping_status":"open","sticky":false,"template":"","format":"standard","meta":{"footnotes":""},"categories":[8],"tags":[118,321,122],"class_list":{"0":"post-3684","1":"post","2":"type-post","3":"status-publish","4":"format-standard","6":"category-nacionales","7":"tag-argentina","8":"tag-fernando-baez-sosa","9":"tag-policiales"},"_links":{"self":[{"href":"http:\/\/zoomproducciones.com.ar\/zoomp\/wp-json\/wp\/v2\/posts\/3684","targetHints":{"allow":["GET"]}}],"collection":[{"href":"http:\/\/zoomproducciones.com.ar\/zoomp\/wp-json\/wp\/v2\/posts"}],"about":[{"href":"http:\/\/zoomproducciones.com.ar\/zoomp\/wp-json\/wp\/v2\/types\/post"}],"author":[{"embeddable":true,"href":"http:\/\/zoomproducciones.com.ar\/zoomp\/wp-json\/wp\/v2\/users\/2"}],"replies":[{"embeddable":true,"href":"http:\/\/zoomproducciones.com.ar\/zoomp\/wp-json\/wp\/v2\/comments?post=3684"}],"version-history":[{"count":1,"href":"http:\/\/zoomproducciones.com.ar\/zoomp\/wp-json\/wp\/v2\/posts\/3684\/revisions"}],"predecessor-version":[{"id":3685,"href":"http:\/\/zoomproducciones.com.ar\/zoomp\/wp-json\/wp\/v2\/posts\/3684\/revisions\/3685"}],"wp:attachment":[{"href":"http:\/\/zoomproducciones.com.ar\/zoomp\/wp-json\/wp\/v2\/media?parent=3684"}],"wp:term":[{"taxonomy":"category","embeddable":true,"href":"http:\/\/zoomproducciones.com.ar\/zoomp\/wp-json\/wp\/v2\/categories?post=3684"},{"taxonomy":"post_tag","embeddable":true,"href":"http:\/\/zoomproducciones.com.ar\/zoomp\/wp-json\/wp\/v2\/tags?post=3684"}],"curies":[{"name":"wp","href":"https:\/\/api.w.org\/{rel}","templated":true}]}}