{"id":3681,"date":"2023-02-27T09:22:52","date_gmt":"2023-02-27T12:22:52","guid":{"rendered":"http:\/\/zoomproducciones.com.ar\/zoomp\/?p=3681"},"modified":"2023-02-27T09:22:53","modified_gmt":"2023-02-27T12:22:53","slug":"alerta-amarilla-por-altas-temperaturas-en-la-ciudad","status":"publish","type":"post","link":"http:\/\/zoomproducciones.com.ar\/zoomp\/alerta-amarilla-por-altas-temperaturas-en-la-ciudad\/","title":{"rendered":"Alerta Amarilla por altas temperaturas en la ciudad"},"content":{"rendered":"\n<p><strong>La ciudad fronteriza va a sufrir t\u00e9rmicas de 36\u00b0C m\u00e1ximas y sensaciones de casi 38\u00b0C.<\/strong><\/p>\n\n\n\n<p>Paso de los Libres se encuentra bajo alerta amarilla por altas temperaturas. La ciudad fronteriza va a sufrir t\u00e9rmicas de 36\u00b0C m\u00e1ximas y sensaciones de casi 38\u00b0C. El punto m\u00e1ximo de calor ser\u00e1 de tarde por lo que se recomienda evitar el sol, consumir abudante agua y utilizar ropa liviana de colores claros.<\/p>\n\n\n\n<p>El Servicio Meteorologico Nacional indic\u00f3 altas temperaturas para Paso de los Libres.<\/p>\n\n\n\n<p>La m\u00e1xima ser\u00e1 de 36\u00b0C y  se espera que de noche las temperaturas bajen a 23\u00b0C. <\/p>\n\n\n\n<p class=\"has-text-align-center\"><strong>Paso de los Libres es -por ahora- la cuarta ciudad m\u00e1s calurosa del pa\u00eds. <\/strong><\/p>\n\n\n\n<figure class=\"wp-block-image size-full\"><a href=\"http:\/\/zoomproducciones.com.ar\/zoomp\/wp-content\/uploads\/2023\/02\/smn-5.png\"><img decoding=\"async\" src=\"http:\/\/zoomproducciones.com.ar\/zoomp\/wp-content\/uploads\/2023\/02\/smn-5.png\" alt=\"\" class=\"wp-image-3682\"\/><\/a><\/figure>\n\n\n\n<p>Hay probabilidades de lluvias para la tarde en donde se dar\u00e1 el pico de calor m\u00e1s alto en el d\u00eda.<\/p>\n\n\n\n<h2 class=\"wp-block-heading\">Alerta Amarilla<\/h2>\n\n\n\n<p><strong>Temperaturas que&nbsp;pueden ser peligrosas,&nbsp;sobre todo para los grupos de riesgo, como ni\u00f1os y ni\u00f1as, personas mayores de 65 a\u00f1os, con enfermedades cr\u00f3nicas.<\/strong><\/p>\n","protected":false},"excerpt":{"rendered":"<p>La ciudad fronteriza va a sufrir t\u00e9rmicas de 36\u00b0C m\u00e1ximas y sensaciones de casi 38\u00b0C. Paso de los Libres se encuentra bajo alerta amarilla por altas temperaturas. La ciudad fronteriza va a sufrir t\u00e9rmicas de 36\u00b0C m\u00e1ximas y sensaciones de casi 38\u00b0C. El punto m\u00e1ximo de calor ser\u00e1 de tarde por lo que se recomienda [&hellip;]<\/p>\n","protected":false},"author":2,"featured_media":0,"comment_status":"closed","ping_status":"open","sticky":false,"template":"","format":"standard","meta":{"footnotes":""},"categories":[5],"tags":[116,162],"class_list":{"0":"post-3681","1":"post","2":"type-post","3":"status-publish","4":"format-standard","6":"category-locales","7":"tag-paso-de-los-libres","8":"tag-smn"},"_links":{"self":[{"href":"http:\/\/zoomproducciones.com.ar\/zoomp\/wp-json\/wp\/v2\/posts\/3681","targetHints":{"allow":["GET"]}}],"collection":[{"href":"http:\/\/zoomproducciones.com.ar\/zoomp\/wp-json\/wp\/v2\/posts"}],"about":[{"href":"http:\/\/zoomproducciones.com.ar\/zoomp\/wp-json\/wp\/v2\/types\/post"}],"author":[{"embeddable":true,"href":"http:\/\/zoomproducciones.com.ar\/zoomp\/wp-json\/wp\/v2\/users\/2"}],"replies":[{"embeddable":true,"href":"http:\/\/zoomproducciones.com.ar\/zoomp\/wp-json\/wp\/v2\/comments?post=3681"}],"version-history":[{"count":1,"href":"http:\/\/zoomproducciones.com.ar\/zoomp\/wp-json\/wp\/v2\/posts\/3681\/revisions"}],"predecessor-version":[{"id":3683,"href":"http:\/\/zoomproducciones.com.ar\/zoomp\/wp-json\/wp\/v2\/posts\/3681\/revisions\/3683"}],"wp:attachment":[{"href":"http:\/\/zoomproducciones.com.ar\/zoomp\/wp-json\/wp\/v2\/media?parent=3681"}],"wp:term":[{"taxonomy":"category","embeddable":true,"href":"http:\/\/zoomproducciones.com.ar\/zoomp\/wp-json\/wp\/v2\/categories?post=3681"},{"taxonomy":"post_tag","embeddable":true,"href":"http:\/\/zoomproducciones.com.ar\/zoomp\/wp-json\/wp\/v2\/tags?post=3681"}],"curies":[{"name":"wp","href":"https:\/\/api.w.org\/{rel}","templated":true}]}}