{"id":3665,"date":"2023-02-24T07:48:12","date_gmt":"2023-02-24T10:48:12","guid":{"rendered":"http:\/\/zoomproducciones.com.ar\/zoomp\/?p=3665"},"modified":"2023-02-24T07:48:12","modified_gmt":"2023-02-24T10:48:12","slug":"ciclo-lectivo-2023-cuando-inician-las-clases-en-cada-provincia","status":"publish","type":"post","link":"http:\/\/zoomproducciones.com.ar\/zoomp\/ciclo-lectivo-2023-cuando-inician-las-clases-en-cada-provincia\/","title":{"rendered":"Ciclo lectivo 2023: cuando inician las clases en cada provincia"},"content":{"rendered":"\n<p>El inicio de las clases de 2023 comenzar\u00e1 oficialmente en algunas provincias este lunes 27 de febrero, como en la Ciudad de Buenos Aires, Formosa y R\u00edo Negro, entre otras. <br><br>En tanto, el primero de marzo comenzar\u00e1n en la provincia de Buenos Aires y Jujuy, entre otras.<\/p>\n\n\n\n<p>Las \u00fanicas que arrancan en fechas diferentes son Corrientes, que comiencen el 28 de febrero y La Rioja, el 2 de marzo.<\/p>\n\n\n\n<p><strong>Comienzo de clases provincia por provincia<\/strong><br><strong><br><\/strong>Ciudad de Buenos Aires: lunes 27 de febrero<br>Chaco: lunes 27 de febrero<br>Chubut: lunes 27 de febrero<br>C\u00f3rdoba: lunes 27 de febrero<br>Entre R\u00edos: lunes 27 de febrero<br>Formosa: lunes 27 de febrero<br>Mendoza: lunes 27 de febrero<br>R\u00edo Negro: lunes 27 de febrero<br>San Luis: lunes 27 de febrero<br>Santa Cruz: lunes 27 de febrero<\/p>\n\n\n\n<p>Corrientes: martes 28 de febrero<\/p>\n\n\n\n<p>Provincia de Buenos Aires: mi\u00e9rcoles 1 de marzo<br>Catamarca: mi\u00e9rcoles 1 de marzo<br>Jujuy: mi\u00e9rcoles 1 de marzo<br>La Pampa: mi\u00e9rcoles 1 de marzo<br>Misiones: mi\u00e9rcoles 1 de marzo<br>Neuqu\u00e9n: mi\u00e9rcoles 1 de marzo<br>Salta: mi\u00e9rcoles 1 de marzo<br>San Juan: mi\u00e9rcoles 1 de marzo<br>Santa Fe: mi\u00e9rcoles 1 de marzo<br>Santiago del Estero: mi\u00e9rcoles 1 de marzo<br>Tierra del Fuego: mi\u00e9rcoles 1 de marzo<br>Tucum\u00e1n: mi\u00e9rcoles 1 de marzo<\/p>\n\n\n\n<p>La Rioja: jueves 2 de marzo<\/p>\n","protected":false},"excerpt":{"rendered":"<p>El inicio de las clases de 2023 comenzar\u00e1 oficialmente en algunas provincias este lunes 27 de febrero, como en la Ciudad de Buenos Aires, Formosa y R\u00edo Negro, entre otras. En tanto, el primero de marzo comenzar\u00e1n en la provincia de Buenos Aires y Jujuy, entre otras. Las \u00fanicas que arrancan en fechas diferentes son [&hellip;]<\/p>\n","protected":false},"author":2,"featured_media":0,"comment_status":"closed","ping_status":"open","sticky":false,"template":"","format":"standard","meta":{"footnotes":""},"categories":[6],"tags":[42],"class_list":{"0":"post-3665","1":"post","2":"type-post","3":"status-publish","4":"format-standard","6":"category-infogral","7":"tag-featured"},"_links":{"self":[{"href":"http:\/\/zoomproducciones.com.ar\/zoomp\/wp-json\/wp\/v2\/posts\/3665","targetHints":{"allow":["GET"]}}],"collection":[{"href":"http:\/\/zoomproducciones.com.ar\/zoomp\/wp-json\/wp\/v2\/posts"}],"about":[{"href":"http:\/\/zoomproducciones.com.ar\/zoomp\/wp-json\/wp\/v2\/types\/post"}],"author":[{"embeddable":true,"href":"http:\/\/zoomproducciones.com.ar\/zoomp\/wp-json\/wp\/v2\/users\/2"}],"replies":[{"embeddable":true,"href":"http:\/\/zoomproducciones.com.ar\/zoomp\/wp-json\/wp\/v2\/comments?post=3665"}],"version-history":[{"count":1,"href":"http:\/\/zoomproducciones.com.ar\/zoomp\/wp-json\/wp\/v2\/posts\/3665\/revisions"}],"predecessor-version":[{"id":3667,"href":"http:\/\/zoomproducciones.com.ar\/zoomp\/wp-json\/wp\/v2\/posts\/3665\/revisions\/3667"}],"wp:attachment":[{"href":"http:\/\/zoomproducciones.com.ar\/zoomp\/wp-json\/wp\/v2\/media?parent=3665"}],"wp:term":[{"taxonomy":"category","embeddable":true,"href":"http:\/\/zoomproducciones.com.ar\/zoomp\/wp-json\/wp\/v2\/categories?post=3665"},{"taxonomy":"post_tag","embeddable":true,"href":"http:\/\/zoomproducciones.com.ar\/zoomp\/wp-json\/wp\/v2\/tags?post=3665"}],"curies":[{"name":"wp","href":"https:\/\/api.w.org\/{rel}","templated":true}]}}