{"id":3653,"date":"2023-02-23T10:31:06","date_gmt":"2023-02-23T13:31:06","guid":{"rendered":"http:\/\/zoomproducciones.com.ar\/zoomp\/?p=3653"},"modified":"2023-02-23T10:31:07","modified_gmt":"2023-02-23T13:31:07","slug":"lucia-perez-comienza-la-etapa-de-los-alegatos-en-el-segundo-juicio","status":"publish","type":"post","link":"http:\/\/zoomproducciones.com.ar\/zoomp\/lucia-perez-comienza-la-etapa-de-los-alegatos-en-el-segundo-juicio\/","title":{"rendered":"Luc\u00eda Perez: comienza la etapa de los alegatos en el segundo juicio"},"content":{"rendered":"\n<p>El segundo juicio por el caso Luc\u00eda P\u00e9rez entra este jueves en su tramo final en la ciudad de Mar del Plata. Se esperan los alegatos por parte de la fiscal\u00eda y de la acusaci\u00f3n particular que sostendr\u00e1n la responsabilidad penal de los dos acusados de abusar sexualmente y asesinar a la adolescente de 16 a\u00f1os, el 8 de octubre de 2016.<\/p>\n\n\n\n<p>La semana pr\u00f3xima, el 28 de febrero, ser\u00e1 el turno de los alegatos de las defensas de <strong>Mat\u00edas Far\u00edas<\/strong> (29), acusado como <strong>autor del delito de \u00ababuso sexual<\/strong> <strong>con acceso carnal, <\/strong>agravado por el suministro de estupefacientes seguido de muerte en concurso ideal con femicidio\u00bb de Luc\u00eda (16), y de <strong>Juan Pablo Offidani,<\/strong> que lleg\u00f3 a este proceso imputado como <strong>part\u00edcipe secundario del hecho<\/strong>. <\/p>\n\n\n\n<p>El Tribunal Oral en lo Criminal 2 (TOC 2) de la ciudad de Mar del Plata, integrado por los jueces <strong>Gustavo Fissore, Roberto Falcone y Alexis Simaz, anunciar\u00e1 luego la fecha del veredicto y sentencia.<\/strong> <\/p>\n\n\n\n<p>T\u00e9lam.<\/p>\n","protected":false},"excerpt":{"rendered":"<p>El segundo juicio por el caso Luc\u00eda P\u00e9rez entra este jueves en su tramo final en la ciudad de Mar del Plata. Se esperan los alegatos por parte de la fiscal\u00eda y de la acusaci\u00f3n particular que sostendr\u00e1n la responsabilidad penal de los dos acusados de abusar sexualmente y asesinar a la adolescente de 16 [&hellip;]<\/p>\n","protected":false},"author":2,"featured_media":0,"comment_status":"closed","ping_status":"open","sticky":false,"template":"","format":"standard","meta":{"footnotes":""},"categories":[8],"tags":[118,381],"class_list":{"0":"post-3653","1":"post","2":"type-post","3":"status-publish","4":"format-standard","6":"category-nacionales","7":"tag-argentina","8":"tag-femicidios"},"_links":{"self":[{"href":"http:\/\/zoomproducciones.com.ar\/zoomp\/wp-json\/wp\/v2\/posts\/3653","targetHints":{"allow":["GET"]}}],"collection":[{"href":"http:\/\/zoomproducciones.com.ar\/zoomp\/wp-json\/wp\/v2\/posts"}],"about":[{"href":"http:\/\/zoomproducciones.com.ar\/zoomp\/wp-json\/wp\/v2\/types\/post"}],"author":[{"embeddable":true,"href":"http:\/\/zoomproducciones.com.ar\/zoomp\/wp-json\/wp\/v2\/users\/2"}],"replies":[{"embeddable":true,"href":"http:\/\/zoomproducciones.com.ar\/zoomp\/wp-json\/wp\/v2\/comments?post=3653"}],"version-history":[{"count":1,"href":"http:\/\/zoomproducciones.com.ar\/zoomp\/wp-json\/wp\/v2\/posts\/3653\/revisions"}],"predecessor-version":[{"id":3655,"href":"http:\/\/zoomproducciones.com.ar\/zoomp\/wp-json\/wp\/v2\/posts\/3653\/revisions\/3655"}],"wp:attachment":[{"href":"http:\/\/zoomproducciones.com.ar\/zoomp\/wp-json\/wp\/v2\/media?parent=3653"}],"wp:term":[{"taxonomy":"category","embeddable":true,"href":"http:\/\/zoomproducciones.com.ar\/zoomp\/wp-json\/wp\/v2\/categories?post=3653"},{"taxonomy":"post_tag","embeddable":true,"href":"http:\/\/zoomproducciones.com.ar\/zoomp\/wp-json\/wp\/v2\/tags?post=3653"}],"curies":[{"name":"wp","href":"https:\/\/api.w.org\/{rel}","templated":true}]}}