{"id":3651,"date":"2023-02-23T10:21:25","date_gmt":"2023-02-23T13:21:25","guid":{"rendered":"http:\/\/zoomproducciones.com.ar\/zoomp\/?p=3651"},"modified":"2023-02-23T10:21:26","modified_gmt":"2023-02-23T13:21:26","slug":"puente-internacional-hoy-comienza-el-sistema-de-regulacion","status":"publish","type":"post","link":"http:\/\/zoomproducciones.com.ar\/zoomp\/puente-internacional-hoy-comienza-el-sistema-de-regulacion\/","title":{"rendered":"Puente Internacional: hoy comienza el sistema de regulaci\u00f3n"},"content":{"rendered":"\n<p><strong>El puente no ser\u00e1 restringido<\/strong>.<\/p>\n\n\n\n<p>Hoy comienza a regir el nuevo sistema de tr\u00e1nsito en el Puente Internacional. El paso del puente <strong>no se alternar\u00e1 30 minutos por lado<\/strong>, como estaba previsto, sino que se har\u00e1 <strong>un sistema de regulaci\u00f3n<\/strong>. El puente <strong>no estar\u00e1 restringido, sino regulado<\/strong>, en donde se determinar\u00e1n los momentos que evitar\u00e1n el volumen de peso muerto indeseado sobre el viaducto. <\/p>\n\n\n\n<p>\u00bbVan a clausurar un carril de acuerdo al volumen de veh\u00edculos que haya sobre uno u otro lado y tambi\u00e9n sobre el puente\u201d, explic\u00f3 a El Litoral, Alberto Yard\u00edn, director del Centro \u00danico de Frontera<\/p>\n\n\n\n<p>La idea del tr\u00e1nsito alternado fue descartada ya que la intenci\u00f3n es <strong>\u00bbevitar es que justamente no haya tanto peso muerto sobre el puente\u201d<\/strong>, adelant\u00f3 el funcionario.\u00a0<\/p>\n\n\n\n<p>Adem\u00e1s, explic\u00f3 que se coordinar\u00e1 con Gendarmer\u00eda Nacional para evitar la acumulaci\u00f3n de veh\u00edculos.&nbsp;<\/p>\n\n\n\n<p>La restricci\u00f3n ser\u00e1 hasta el 13 de marzo en principio.<strong> \u201cEllos tienen plazo de conclusi\u00f3n para el d\u00eda 15 de marzo. Por eso solicitan eso\u201d<\/strong>, sostuvo Yard\u00edn. Al respecto indic\u00f3 que las mejoras han avanzado. \u201cCreemos que s\u00ed se terminar\u00e1 en ese plazo\u201d, admiti\u00f3.\u00a0<\/p>\n\n\n\n<p>Por su parte, el Gobierno Nacional contin\u00faa con las obras sobre el Centro de Frontera que se iniciaron el a\u00f1o pasado. <strong>\u201cLas obras del lado argentino vienen bien<\/strong>. Ahora se aceler\u00f3 un poco m\u00e1s as\u00ed que creer\u00eda que se van a terminar. Se viene trabajando de forma m\u00e1s acelerada con las obras\u201d, mencion\u00f3. \u00a0<\/p>\n\n\n\n<p>Datos tomados de El Litoral<\/p>\n","protected":false},"excerpt":{"rendered":"<p>El puente no ser\u00e1 restringido. Hoy comienza a regir el nuevo sistema de tr\u00e1nsito en el Puente Internacional. El paso del puente no se alternar\u00e1 30 minutos por lado, como estaba previsto, sino que se har\u00e1 un sistema de regulaci\u00f3n. El puente no estar\u00e1 restringido, sino regulado, en donde se determinar\u00e1n los momentos que evitar\u00e1n [&hellip;]<\/p>\n","protected":false},"author":2,"featured_media":0,"comment_status":"closed","ping_status":"open","sticky":false,"template":"","format":"standard","meta":{"footnotes":""},"categories":[5],"tags":[42,116,324,323],"class_list":{"0":"post-3651","1":"post","2":"type-post","3":"status-publish","4":"format-standard","6":"category-locales","7":"tag-featured","8":"tag-paso-de-los-libres","9":"tag-puente-internacional","10":"tag-uruguayana"},"_links":{"self":[{"href":"http:\/\/zoomproducciones.com.ar\/zoomp\/wp-json\/wp\/v2\/posts\/3651","targetHints":{"allow":["GET"]}}],"collection":[{"href":"http:\/\/zoomproducciones.com.ar\/zoomp\/wp-json\/wp\/v2\/posts"}],"about":[{"href":"http:\/\/zoomproducciones.com.ar\/zoomp\/wp-json\/wp\/v2\/types\/post"}],"author":[{"embeddable":true,"href":"http:\/\/zoomproducciones.com.ar\/zoomp\/wp-json\/wp\/v2\/users\/2"}],"replies":[{"embeddable":true,"href":"http:\/\/zoomproducciones.com.ar\/zoomp\/wp-json\/wp\/v2\/comments?post=3651"}],"version-history":[{"count":1,"href":"http:\/\/zoomproducciones.com.ar\/zoomp\/wp-json\/wp\/v2\/posts\/3651\/revisions"}],"predecessor-version":[{"id":3652,"href":"http:\/\/zoomproducciones.com.ar\/zoomp\/wp-json\/wp\/v2\/posts\/3651\/revisions\/3652"}],"wp:attachment":[{"href":"http:\/\/zoomproducciones.com.ar\/zoomp\/wp-json\/wp\/v2\/media?parent=3651"}],"wp:term":[{"taxonomy":"category","embeddable":true,"href":"http:\/\/zoomproducciones.com.ar\/zoomp\/wp-json\/wp\/v2\/categories?post=3651"},{"taxonomy":"post_tag","embeddable":true,"href":"http:\/\/zoomproducciones.com.ar\/zoomp\/wp-json\/wp\/v2\/tags?post=3651"}],"curies":[{"name":"wp","href":"https:\/\/api.w.org\/{rel}","templated":true}]}}