{"id":3648,"date":"2023-02-23T10:03:57","date_gmt":"2023-02-23T13:03:57","guid":{"rendered":"http:\/\/zoomproducciones.com.ar\/zoomp\/?p=3648"},"modified":"2023-02-23T10:03:58","modified_gmt":"2023-02-23T13:03:58","slug":"alerta-amarilla-por-tormentas-en-libres","status":"publish","type":"post","link":"http:\/\/zoomproducciones.com.ar\/zoomp\/alerta-amarilla-por-tormentas-en-libres\/","title":{"rendered":"Alerta amarilla por tormentas en Libres"},"content":{"rendered":"\n<p>Paso de los Libres se encuentra en alerta naranja por tormentas, al igual que varias localidades de Corrientes. Las precipitaciones llegar\u00edan por la tarde con sensaciones t\u00e9rmicas de 26\u00b0C.<\/p>\n\n\n\n<p><strong>General Alvear \u2013 Paso de los Libres \u2013 San Mart\u00edn \u2013 Santo Tom\u00e9<\/strong>&nbsp;son las localidades correntinas que se encuentran en alerta naranja por tormentas.<\/p>\n\n\n\n<p>Se esperan valores de precipitaci\u00f3n acumulada entre 20 y 70 mm, pudiendo ser superados en forma puntual.<\/p>\n\n\n\n<h2 class=\"wp-block-heading\">\u00bfQu\u00e9 significa alerta amarilla?<\/h2>\n\n\n\n<p>Seg\u00fan el SMN, las \u00e1reas ser\u00e1n afectadas por tormentas de variada intensidad, pudiendo ser algunas localmente fuertes. Las mismas estar\u00e1n acompa\u00f1adas de intensas r\u00e1fagas, ocasional ca\u00edda de granizo, fuerte actividad el\u00e9ctrica y abundante ca\u00edda de agua en cortos per\u00edodos.<\/p>\n","protected":false},"excerpt":{"rendered":"<p>Paso de los Libres se encuentra en alerta naranja por tormentas, al igual que varias localidades de Corrientes. Las precipitaciones llegar\u00edan por la tarde con sensaciones t\u00e9rmicas de 26\u00b0C. General Alvear \u2013 Paso de los Libres \u2013 San Mart\u00edn \u2013 Santo Tom\u00e9&nbsp;son las localidades correntinas que se encuentran en alerta naranja por tormentas. Se esperan [&hellip;]<\/p>\n","protected":false},"author":2,"featured_media":0,"comment_status":"closed","ping_status":"open","sticky":false,"template":"","format":"standard","meta":{"footnotes":""},"categories":[5],"tags":[42,116,162],"class_list":{"0":"post-3648","1":"post","2":"type-post","3":"status-publish","4":"format-standard","6":"category-locales","7":"tag-featured","8":"tag-paso-de-los-libres","9":"tag-smn"},"_links":{"self":[{"href":"http:\/\/zoomproducciones.com.ar\/zoomp\/wp-json\/wp\/v2\/posts\/3648","targetHints":{"allow":["GET"]}}],"collection":[{"href":"http:\/\/zoomproducciones.com.ar\/zoomp\/wp-json\/wp\/v2\/posts"}],"about":[{"href":"http:\/\/zoomproducciones.com.ar\/zoomp\/wp-json\/wp\/v2\/types\/post"}],"author":[{"embeddable":true,"href":"http:\/\/zoomproducciones.com.ar\/zoomp\/wp-json\/wp\/v2\/users\/2"}],"replies":[{"embeddable":true,"href":"http:\/\/zoomproducciones.com.ar\/zoomp\/wp-json\/wp\/v2\/comments?post=3648"}],"version-history":[{"count":1,"href":"http:\/\/zoomproducciones.com.ar\/zoomp\/wp-json\/wp\/v2\/posts\/3648\/revisions"}],"predecessor-version":[{"id":3649,"href":"http:\/\/zoomproducciones.com.ar\/zoomp\/wp-json\/wp\/v2\/posts\/3648\/revisions\/3649"}],"wp:attachment":[{"href":"http:\/\/zoomproducciones.com.ar\/zoomp\/wp-json\/wp\/v2\/media?parent=3648"}],"wp:term":[{"taxonomy":"category","embeddable":true,"href":"http:\/\/zoomproducciones.com.ar\/zoomp\/wp-json\/wp\/v2\/categories?post=3648"},{"taxonomy":"post_tag","embeddable":true,"href":"http:\/\/zoomproducciones.com.ar\/zoomp\/wp-json\/wp\/v2\/tags?post=3648"}],"curies":[{"name":"wp","href":"https:\/\/api.w.org\/{rel}","templated":true}]}}