{"id":3619,"date":"2023-02-22T12:58:06","date_gmt":"2023-02-22T15:58:06","guid":{"rendered":"http:\/\/zoomproducciones.com.ar\/zoomp\/?p=3619"},"modified":"2023-02-22T12:58:07","modified_gmt":"2023-02-22T15:58:07","slug":"preocupacion-hay-15-focos-de-incendio-en-la-provincia","status":"publish","type":"post","link":"http:\/\/zoomproducciones.com.ar\/zoomp\/preocupacion-hay-15-focos-de-incendio-en-la-provincia\/","title":{"rendered":"Preocupaci\u00f3n: hay 15 focos de incendio en la provincia"},"content":{"rendered":"\n<p>En las \u00faltimas horas se registraron 15 focos de incendios. Esto lo confirm\u00f3 el Comando Operativo de Emergencias (COE) de la provincia de Corrientes. Los focos est\u00e1n en Ramada Paso, Lomas de Gonz\u00e1lez, San Miguel (2), Ituzaing\u00f3 (2), San Carlos, Concepci\u00f3n (2), Colonia Pando, Colonia 3 de Abril, Mercedes (2), La Cruz y Perugorr\u00eda.<\/p>\n\n\n\n<p>Indicaron que de esos focos, 2 se encuentran activos, y 13 en verificaci\u00f3n.<\/p>\n\n\n\n<h5 class=\"has-text-align-left wp-block-heading\">El COE, cuyas instalaciones se encuentran en el Ministerio de Seguridad, tiene como objetivo definir las distintas acciones para hacer frente a eventuales focos \u00edgneos y para su prevenci\u00f3n, con la implementaci\u00f3n de equipos de \u00faltima tecnolog\u00eda.<\/h5>\n\n\n\n<p>Est\u00e1 conformado por miembros del Gobierno provincial, del nacional, la Polic\u00eda de Corrientes, Bomberos Voluntarios, Ej\u00e9rcito, Prefectura Naval, Cruz Roja Internacional y el sector privado.<\/p>\n\n\n\n<p>El Litoral.<\/p>\n","protected":false},"excerpt":{"rendered":"<p>En las \u00faltimas horas se registraron 15 focos de incendios. Esto lo confirm\u00f3 el Comando Operativo de Emergencias (COE) de la provincia de Corrientes. Los focos est\u00e1n en Ramada Paso, Lomas de Gonz\u00e1lez, San Miguel (2), Ituzaing\u00f3 (2), San Carlos, Concepci\u00f3n (2), Colonia Pando, Colonia 3 de Abril, Mercedes (2), La Cruz y Perugorr\u00eda. Indicaron [&hellip;]<\/p>\n","protected":false},"author":2,"featured_media":0,"comment_status":"closed","ping_status":"open","sticky":false,"template":"","format":"standard","meta":{"footnotes":""},"categories":[3],"tags":[125,371],"class_list":{"0":"post-3619","1":"post","2":"type-post","3":"status-publish","4":"format-standard","6":"category-provinciales","7":"tag-corrientes","8":"tag-incendios"},"_links":{"self":[{"href":"http:\/\/zoomproducciones.com.ar\/zoomp\/wp-json\/wp\/v2\/posts\/3619","targetHints":{"allow":["GET"]}}],"collection":[{"href":"http:\/\/zoomproducciones.com.ar\/zoomp\/wp-json\/wp\/v2\/posts"}],"about":[{"href":"http:\/\/zoomproducciones.com.ar\/zoomp\/wp-json\/wp\/v2\/types\/post"}],"author":[{"embeddable":true,"href":"http:\/\/zoomproducciones.com.ar\/zoomp\/wp-json\/wp\/v2\/users\/2"}],"replies":[{"embeddable":true,"href":"http:\/\/zoomproducciones.com.ar\/zoomp\/wp-json\/wp\/v2\/comments?post=3619"}],"version-history":[{"count":1,"href":"http:\/\/zoomproducciones.com.ar\/zoomp\/wp-json\/wp\/v2\/posts\/3619\/revisions"}],"predecessor-version":[{"id":3621,"href":"http:\/\/zoomproducciones.com.ar\/zoomp\/wp-json\/wp\/v2\/posts\/3619\/revisions\/3621"}],"wp:attachment":[{"href":"http:\/\/zoomproducciones.com.ar\/zoomp\/wp-json\/wp\/v2\/media?parent=3619"}],"wp:term":[{"taxonomy":"category","embeddable":true,"href":"http:\/\/zoomproducciones.com.ar\/zoomp\/wp-json\/wp\/v2\/categories?post=3619"},{"taxonomy":"post_tag","embeddable":true,"href":"http:\/\/zoomproducciones.com.ar\/zoomp\/wp-json\/wp\/v2\/tags?post=3619"}],"curies":[{"name":"wp","href":"https:\/\/api.w.org\/{rel}","templated":true}]}}