{"id":2836,"date":"2023-01-16T10:04:51","date_gmt":"2023-01-16T13:04:51","guid":{"rendered":"http:\/\/zoomproducciones.com.ar\/zoomp\/?p=2836"},"modified":"2023-01-16T10:05:13","modified_gmt":"2023-01-16T13:05:13","slug":"funciona-con-normalidad-el-servicio-de-colectivos","status":"publish","type":"post","link":"http:\/\/zoomproducciones.com.ar\/zoomp\/funciona-con-normalidad-el-servicio-de-colectivos\/","title":{"rendered":"Funciona con normalidad el servicio de colectivos"},"content":{"rendered":"\n<p>Desde el viernes 13 funcionan con normalidad los colectivos en Paso de los Libres. El paro de los ch\u00f3feres, declarado luego de no haber cobrado sus sueldos, fue levantado de manera paulatina. Esta decisi\u00f3n se conoci\u00f3 tras una reuni\u00f3n del Intendente, choferes y delegados sindicales.<\/p>\n\n\n\n<p>El d\u00eda viernes 13, luego de una semana sin servicios de colectivos, se levant\u00f3 el paro de manera paulatina. <\/p>\n\n\n\n<p>El intendente de Paso de los Libres, Mart\u00edn Asc\u00faa, recibi\u00f3 en su despacho a delegados gremiales de UTA y choferes de colectivos urbanos. En la reuni\u00f3n, las partes resolvieron levantar de manera temporaria y parcial el paro hasta tanto se resuelva de fondo la cuesti\u00f3n judicial planteada.<\/p>\n\n\n\n<p><strong>Vale aclarar que la empresa a\u00fan no deposit\u00f3 el total de los sueldos a sus empleados. <\/strong><\/p>\n\n\n\n<p>\u00abSe<strong> resuelve levantar el paro<\/strong>&nbsp;ya que el empresario se comprometi\u00f3 a abonar lo faltante del mes de Diciembre. El levantamiento de&nbsp;la medida de fuerza ser\u00eda temporaria ya que si la situaci\u00f3n no cambia para el pr\u00f3ximo mes no dudaremos en convocarnos a una asamblea\u00bb indicaron los ch\u00f3feres la semana pasada.<\/p>\n\n\n\n<p>No se descarta una posible suba del boleto de pasajeros. Seg\u00fan informaci\u00f3n extraoficial el pasaje podr\u00eda valer $70 pesos a partir de este a\u00f1o si se resuelve el fallo judicial que prohibi\u00f3 aumentar la tarifa del transporte.<\/p>\n","protected":false},"excerpt":{"rendered":"<p>Desde el viernes 13 funcionan con normalidad los colectivos en Paso de los Libres. El paro de los ch\u00f3feres, declarado luego de no haber cobrado sus sueldos, fue levantado de manera paulatina. Esta decisi\u00f3n se conoci\u00f3 tras una reuni\u00f3n del Intendente, choferes y delegados sindicales. El d\u00eda viernes 13, luego de una semana sin servicios [&hellip;]<\/p>\n","protected":false},"author":2,"featured_media":0,"comment_status":"closed","ping_status":"open","sticky":false,"template":"","format":"standard","meta":{"footnotes":""},"categories":[5],"tags":[326,116,124],"class_list":{"0":"post-2836","1":"post","2":"type-post","3":"status-publish","4":"format-standard","6":"category-locales","7":"tag-paro-de-colectivos","8":"tag-paso-de-los-libres","9":"tag-tig"},"_links":{"self":[{"href":"http:\/\/zoomproducciones.com.ar\/zoomp\/wp-json\/wp\/v2\/posts\/2836","targetHints":{"allow":["GET"]}}],"collection":[{"href":"http:\/\/zoomproducciones.com.ar\/zoomp\/wp-json\/wp\/v2\/posts"}],"about":[{"href":"http:\/\/zoomproducciones.com.ar\/zoomp\/wp-json\/wp\/v2\/types\/post"}],"author":[{"embeddable":true,"href":"http:\/\/zoomproducciones.com.ar\/zoomp\/wp-json\/wp\/v2\/users\/2"}],"replies":[{"embeddable":true,"href":"http:\/\/zoomproducciones.com.ar\/zoomp\/wp-json\/wp\/v2\/comments?post=2836"}],"version-history":[{"count":2,"href":"http:\/\/zoomproducciones.com.ar\/zoomp\/wp-json\/wp\/v2\/posts\/2836\/revisions"}],"predecessor-version":[{"id":2838,"href":"http:\/\/zoomproducciones.com.ar\/zoomp\/wp-json\/wp\/v2\/posts\/2836\/revisions\/2838"}],"wp:attachment":[{"href":"http:\/\/zoomproducciones.com.ar\/zoomp\/wp-json\/wp\/v2\/media?parent=2836"}],"wp:term":[{"taxonomy":"category","embeddable":true,"href":"http:\/\/zoomproducciones.com.ar\/zoomp\/wp-json\/wp\/v2\/categories?post=2836"},{"taxonomy":"post_tag","embeddable":true,"href":"http:\/\/zoomproducciones.com.ar\/zoomp\/wp-json\/wp\/v2\/tags?post=2836"}],"curies":[{"name":"wp","href":"https:\/\/api.w.org\/{rel}","templated":true}]}}