{"id":13944,"date":"2024-03-29T09:20:57","date_gmt":"2024-03-29T12:20:57","guid":{"rendered":"http:\/\/zoomproducciones.com.ar\/zoomp\/?p=13944"},"modified":"2024-03-29T09:20:57","modified_gmt":"2024-03-29T12:20:57","slug":"detuvieron-a-un-menor-por-el-asesinato-del-playero-en-rosario","status":"publish","type":"post","link":"http:\/\/zoomproducciones.com.ar\/zoomp\/detuvieron-a-un-menor-por-el-asesinato-del-playero-en-rosario\/","title":{"rendered":"Detuvieron a un menor por el asesinato del playero en Rosario"},"content":{"rendered":"\n<p>Un joven de 15 a\u00f1os fue arrestado el jueves por la noche como sospechoso del crimen del playero en Rosario, tras una serie de allanamientos. El acusado se hab\u00eda cambiado el color de su cabello para evitar ser reconocido luego de que su rostro fuera captado en el momento en el que disparaba fatalmente a Bruno Bussanich, de 25 a\u00f1os, en la cabeza.<\/p>\n\n\n\n<p>La detenci\u00f3n del menor tuvo lugar en un operativo llevado a cabo por la Polic\u00eda de Investigaciones (PDI) en la Zona Cero, en el noroeste de la ciudad, siguiendo la orden del fiscal Patricio Saldutti, quien lidera la investigaci\u00f3n del cuarto homicidio durante este mes marcado por una serie de actos de terrorismo urbano que tambi\u00e9n incluyeron los asesinatos de dos taxistas y un conductor de colectivo.<\/p>\n\n\n\n<p>Debido a su edad, el presunto asesino no es imputable legalmente y su caso ser\u00e1 remitido a la Justicia de Menores, mientras se contin\u00faa la b\u00fasqueda de posibles c\u00f3mplices y autores intelectuales del crimen.<\/p>\n\n\n\n<p>El incidente ocurri\u00f3 el 10 de marzo en la estaci\u00f3n de servicio situada en la intersecci\u00f3n de las calles Mendoza y Rojas, donde un individuo vestido con un buzo con capucha se aproxim\u00f3 al empleado y le dispar\u00f3 de manera fulminante antes de que este pudiera reaccionar. Previamente, dej\u00f3 una nota en la que amenazaba al gobernador Maximiliano Pullaro. La v\u00edctima result\u00f3 gravemente herida por disparos en la cabeza.<\/p>\n\n\n\n<p>El Ministerio P\u00fablico de la Acusaci\u00f3n (MPA) hab\u00eda difundido una imagen del agresor que hab\u00eda asesinado a Bussanich, solicitando la colaboraci\u00f3n ciudadana para identificarlo. Adem\u00e1s, el gobierno de Santa Fe ofreci\u00f3 una recompensa de 10 millones de pesos por informaci\u00f3n que ayude a esclarecer el homicidio del joven empleado de la estaci\u00f3n de servicio.<\/p>\n","protected":false},"excerpt":{"rendered":"<p>Un joven de 15 a\u00f1os fue arrestado el jueves por la noche como sospechoso del crimen del playero en Rosario, tras una serie de allanamientos. El acusado se hab\u00eda cambiado el color de su cabello para evitar ser reconocido luego de que su rostro fuera captado en el momento en el que disparaba fatalmente a [&hellip;]<\/p>\n","protected":false},"author":2,"featured_media":13945,"comment_status":"closed","ping_status":"open","sticky":false,"template":"","format":"standard","meta":{"footnotes":""},"categories":[8],"tags":[42,122],"class_list":{"0":"post-13944","1":"post","2":"type-post","3":"status-publish","4":"format-standard","5":"has-post-thumbnail","7":"category-nacionales","8":"tag-featured","9":"tag-policiales"},"_links":{"self":[{"href":"http:\/\/zoomproducciones.com.ar\/zoomp\/wp-json\/wp\/v2\/posts\/13944","targetHints":{"allow":["GET"]}}],"collection":[{"href":"http:\/\/zoomproducciones.com.ar\/zoomp\/wp-json\/wp\/v2\/posts"}],"about":[{"href":"http:\/\/zoomproducciones.com.ar\/zoomp\/wp-json\/wp\/v2\/types\/post"}],"author":[{"embeddable":true,"href":"http:\/\/zoomproducciones.com.ar\/zoomp\/wp-json\/wp\/v2\/users\/2"}],"replies":[{"embeddable":true,"href":"http:\/\/zoomproducciones.com.ar\/zoomp\/wp-json\/wp\/v2\/comments?post=13944"}],"version-history":[{"count":1,"href":"http:\/\/zoomproducciones.com.ar\/zoomp\/wp-json\/wp\/v2\/posts\/13944\/revisions"}],"predecessor-version":[{"id":13946,"href":"http:\/\/zoomproducciones.com.ar\/zoomp\/wp-json\/wp\/v2\/posts\/13944\/revisions\/13946"}],"wp:featuredmedia":[{"embeddable":true,"href":"http:\/\/zoomproducciones.com.ar\/zoomp\/wp-json\/wp\/v2\/media\/13945"}],"wp:attachment":[{"href":"http:\/\/zoomproducciones.com.ar\/zoomp\/wp-json\/wp\/v2\/media?parent=13944"}],"wp:term":[{"taxonomy":"category","embeddable":true,"href":"http:\/\/zoomproducciones.com.ar\/zoomp\/wp-json\/wp\/v2\/categories?post=13944"},{"taxonomy":"post_tag","embeddable":true,"href":"http:\/\/zoomproducciones.com.ar\/zoomp\/wp-json\/wp\/v2\/tags?post=13944"}],"curies":[{"name":"wp","href":"https:\/\/api.w.org\/{rel}","templated":true}]}}