{"id":11197,"date":"2023-11-01T20:01:58","date_gmt":"2023-11-01T23:01:58","guid":{"rendered":"http:\/\/zoomproducciones.com.ar\/zoomp\/?p=11197"},"modified":"2023-11-01T20:02:00","modified_gmt":"2023-11-01T23:02:00","slug":"una-diputada-de-javier-milei-defendio-la-idea-de-un-mercado-de-organos","status":"publish","type":"post","link":"http:\/\/zoomproducciones.com.ar\/zoomp\/una-diputada-de-javier-milei-defendio-la-idea-de-un-mercado-de-organos\/","title":{"rendered":"Una diputada de Javier Milei defendi\u00f3 la idea de un \u00bbmercado de \u00f3rganos\u00bb"},"content":{"rendered":"\n<p>De cara al balotaje 2023, Diana Mondino, diputada nacional electa de La Libertad Avanza, expuso la idea de un \u00bbmercado de \u00f3rganos, algo radicalmente distinto a la venta\u00bb y asegur\u00f3 que la propuesta de Javier Milei sobre el tema es \u00bbfant\u00e1stica\u00bb. <\/p>\n\n\n\n<p>Recordamos que tiempo atr\u00e1s, Javier Milei coloc\u00f3 en el debate la idea de una venta de \u00f3rganos, fundandose en la idea de que \u201chay 7.500 personas sufriendo, esperando los trasplantes\u201d. Al respecto, sostuvo que lo que propone<strong>\u00a0\u201ces buscar mecanismos de mercado para resolver este problema\u201d.\u00a0<\/strong><\/p>\n\n\n\n<figure class=\"wp-block-embed is-type-video is-provider-youtube wp-block-embed-youtube wp-embed-aspect-16-9 wp-has-aspect-ratio\"><div class=\"wp-block-embed__wrapper\">\n<iframe loading=\"lazy\"  id=\"_ytid_24849\"  width=\"1000\" height=\"562\"  data-origwidth=\"1000\" data-origheight=\"562\" src=\"https:\/\/www.youtube.com\/embed\/BgIcQh_twEE?enablejsapi=1&#038;autoplay=0&#038;cc_load_policy=0&#038;cc_lang_pref=&#038;iv_load_policy=1&#038;loop=0&#038;rel=1&#038;fs=1&#038;playsinline=0&#038;autohide=2&#038;theme=dark&#038;color=red&#038;controls=1&#038;disablekb=0&#038;\" class=\"__youtube_prefs__  epyt-is-override  no-lazyload\" title=\"YouTube player\"  allow=\"fullscreen; accelerometer; autoplay; clipboard-write; encrypted-media; gyroscope; picture-in-picture; web-share\" referrerpolicy=\"strict-origin-when-cross-origin\" allowfullscreen data-no-lazy=\"1\" data-skipgform_ajax_framebjll=\"\"><\/iframe>\n<\/div><\/figure>\n\n\n\n<p>La diputada electa explic\u00f3 que defienden la idea de implementar un mercado de \u00f3rganos. \u201d\u00bfQu\u00e9 es el mercado de \u00f3rganos?\u00a0<strong>Vos necesit\u00e1s un ri\u00f1\u00f3n, y no hay nadie de tu c\u00edrculo \u00edntimo que sea compatible con vos, o que te lo pueda y quiera donar.\u00a0 A lo mejor hay alguien que es compatible, que te lo quiera donar\u201d.<\/strong>\u00a0<\/p>\n\n\n\n<figure class=\"wp-block-embed is-type-video is-provider-youtube wp-block-embed-youtube wp-embed-aspect-16-9 wp-has-aspect-ratio\"><div class=\"wp-block-embed__wrapper\">\n<iframe loading=\"lazy\"  id=\"_ytid_93661\"  width=\"1000\" height=\"562\"  data-origwidth=\"1000\" data-origheight=\"562\" src=\"https:\/\/www.youtube.com\/embed\/8vQHI7woRsQ?enablejsapi=1&#038;autoplay=0&#038;cc_load_policy=0&#038;cc_lang_pref=&#038;iv_load_policy=1&#038;loop=0&#038;rel=1&#038;fs=1&#038;playsinline=0&#038;autohide=2&#038;theme=dark&#038;color=red&#038;controls=1&#038;disablekb=0&#038;\" class=\"__youtube_prefs__  epyt-is-override  no-lazyload\" title=\"YouTube player\"  allow=\"fullscreen; accelerometer; autoplay; clipboard-write; encrypted-media; gyroscope; picture-in-picture; web-share\" referrerpolicy=\"strict-origin-when-cross-origin\" allowfullscreen data-no-lazy=\"1\" data-skipgform_ajax_framebjll=\"\"><\/iframe>\n<\/div><\/figure>\n\n\n\n<p>Para defender su postura, Mondino nombr\u00f3 que existe un premio nobel en econom\u00eda, Alvil Roth, qui\u00e9n propuso un modelo de transacci\u00f3n de ri\u00f1ones, a pesar de que\u00a0<strong>fue vetado por la Uni\u00f3n Europea y calificado como \u00abtr\u00e1fico de \u00f3rganos\u00bb por el Consejo de Europa.\u00a0<\/strong><\/p>\n\n\n\n<p>Mondino sostuvo que en el caso de Argentina \u201cnosotros tenemos la Ley Justina, una nenita de 7 que muere porque no hab\u00eda un corazoncito\u201d. Y agreg\u00f3:\u00a0<strong>\u201cSi la mam\u00e1 hubiera dicho \u00b4permito que se lo donen\u00b4,\u00a0a lo mejor llegaba Justina\u201d<\/strong>.\u00a0<\/p>\n\n\n\n<p><strong>\u201cMercado es la transacci\u00f3n, no quiere decir que te van a cobrar por hacer algo\u201d<\/strong>, remarc\u00f3 en una entrevista televisiva en LN+.\u00a0<\/p>\n\n\n\n<p><\/p>\n\n\n\n<p><\/p>\n","protected":false},"excerpt":{"rendered":"<p>De cara al balotaje 2023, Diana Mondino, diputada nacional electa de La Libertad Avanza, expuso la idea de un \u00bbmercado de \u00f3rganos, algo radicalmente distinto a la venta\u00bb y asegur\u00f3 que la propuesta de Javier Milei sobre el tema es \u00bbfant\u00e1stica\u00bb. Recordamos que tiempo atr\u00e1s, Javier Milei coloc\u00f3 en el debate la idea de una [&hellip;]<\/p>\n","protected":false},"author":2,"featured_media":0,"comment_status":"closed","ping_status":"open","sticky":false,"template":"","format":"standard","meta":{"footnotes":""},"categories":[8],"tags":[118,511],"class_list":{"0":"post-11197","1":"post","2":"type-post","3":"status-publish","4":"format-standard","6":"category-nacionales","7":"tag-argentina","8":"tag-bloque-2"},"_links":{"self":[{"href":"http:\/\/zoomproducciones.com.ar\/zoomp\/wp-json\/wp\/v2\/posts\/11197","targetHints":{"allow":["GET"]}}],"collection":[{"href":"http:\/\/zoomproducciones.com.ar\/zoomp\/wp-json\/wp\/v2\/posts"}],"about":[{"href":"http:\/\/zoomproducciones.com.ar\/zoomp\/wp-json\/wp\/v2\/types\/post"}],"author":[{"embeddable":true,"href":"http:\/\/zoomproducciones.com.ar\/zoomp\/wp-json\/wp\/v2\/users\/2"}],"replies":[{"embeddable":true,"href":"http:\/\/zoomproducciones.com.ar\/zoomp\/wp-json\/wp\/v2\/comments?post=11197"}],"version-history":[{"count":1,"href":"http:\/\/zoomproducciones.com.ar\/zoomp\/wp-json\/wp\/v2\/posts\/11197\/revisions"}],"predecessor-version":[{"id":11199,"href":"http:\/\/zoomproducciones.com.ar\/zoomp\/wp-json\/wp\/v2\/posts\/11197\/revisions\/11199"}],"wp:attachment":[{"href":"http:\/\/zoomproducciones.com.ar\/zoomp\/wp-json\/wp\/v2\/media?parent=11197"}],"wp:term":[{"taxonomy":"category","embeddable":true,"href":"http:\/\/zoomproducciones.com.ar\/zoomp\/wp-json\/wp\/v2\/categories?post=11197"},{"taxonomy":"post_tag","embeddable":true,"href":"http:\/\/zoomproducciones.com.ar\/zoomp\/wp-json\/wp\/v2\/tags?post=11197"}],"curies":[{"name":"wp","href":"https:\/\/api.w.org\/{rel}","templated":true}]}}