{"id":11189,"date":"2023-11-01T19:18:17","date_gmt":"2023-11-01T22:18:17","guid":{"rendered":"http:\/\/zoomproducciones.com.ar\/zoomp\/?p=11189"},"modified":"2023-11-01T19:18:20","modified_gmt":"2023-11-01T22:18:20","slug":"la-camara-electoral-definio-como-sera-el-debate-del-12-de-noviembre","status":"publish","type":"post","link":"http:\/\/zoomproducciones.com.ar\/zoomp\/la-camara-electoral-definio-como-sera-el-debate-del-12-de-noviembre\/","title":{"rendered":"La C\u00e1mara Electoral defini\u00f3 c\u00f3mo ser\u00e1 el debate del 12 de noviembre"},"content":{"rendered":"\n<p>Este mi\u00e9rcoles, en la sede de la C\u00e1mara Nacional Electoral, se sorte\u00f3 los seis ejes tem\u00e1ticos del\u00a0debate presidencial que se se llevar\u00e1 a cabo en la la Facultad de Derecho de la Universidad de Buenos Aires, una semana antes del balotaje y que tendr\u00e1 como protagonistas a los candidatos de\u00a0Uni\u00f3n por la Patria, Sergio Massa,\u00a0y el de\u00a0La Libertad Avanza, Javier Milei. <\/p>\n\n\n\n<p>El intercambio de ideas entre los dos candidatos, que comenzar\u00e1 a las 21 horas del domingo 12 de noviembre, arrancar\u00e1 Sergio Massa, que estar\u00e1 en el atril de la derecha, y cerrar\u00e1 Javier Milei, que estar\u00e1 en el de la izquierda. <\/p>\n\n\n\n<p>Los ejes ser\u00e1n econom\u00eda; relaciones internacionales; educaci\u00f3n y salud; producci\u00f3n y trabajo; seguridad; y DD.HH. y convivencia democr\u00e1tica. Tendr\u00e1n 6 minutos para desarrollarlos. <\/p>\n\n\n\n<p>Entre otras novedades, tendr\u00e1n r\u00e9plicas infinitas, no podr\u00e1n leer \u201cmachetes\u201d y estar\u00e1n habilitados para caminar en el escenario.<\/p>\n","protected":false},"excerpt":{"rendered":"<p>Este mi\u00e9rcoles, en la sede de la C\u00e1mara Nacional Electoral, se sorte\u00f3 los seis ejes tem\u00e1ticos del\u00a0debate presidencial que se se llevar\u00e1 a cabo en la la Facultad de Derecho de la Universidad de Buenos Aires, una semana antes del balotaje y que tendr\u00e1 como protagonistas a los candidatos de\u00a0Uni\u00f3n por la Patria, Sergio Massa,\u00a0y [&hellip;]<\/p>\n","protected":false},"author":2,"featured_media":0,"comment_status":"closed","ping_status":"open","sticky":false,"template":"","format":"standard","meta":{"footnotes":""},"categories":[8],"tags":[42],"class_list":{"0":"post-11189","1":"post","2":"type-post","3":"status-publish","4":"format-standard","6":"category-nacionales","7":"tag-featured"},"_links":{"self":[{"href":"http:\/\/zoomproducciones.com.ar\/zoomp\/wp-json\/wp\/v2\/posts\/11189","targetHints":{"allow":["GET"]}}],"collection":[{"href":"http:\/\/zoomproducciones.com.ar\/zoomp\/wp-json\/wp\/v2\/posts"}],"about":[{"href":"http:\/\/zoomproducciones.com.ar\/zoomp\/wp-json\/wp\/v2\/types\/post"}],"author":[{"embeddable":true,"href":"http:\/\/zoomproducciones.com.ar\/zoomp\/wp-json\/wp\/v2\/users\/2"}],"replies":[{"embeddable":true,"href":"http:\/\/zoomproducciones.com.ar\/zoomp\/wp-json\/wp\/v2\/comments?post=11189"}],"version-history":[{"count":2,"href":"http:\/\/zoomproducciones.com.ar\/zoomp\/wp-json\/wp\/v2\/posts\/11189\/revisions"}],"predecessor-version":[{"id":11193,"href":"http:\/\/zoomproducciones.com.ar\/zoomp\/wp-json\/wp\/v2\/posts\/11189\/revisions\/11193"}],"wp:attachment":[{"href":"http:\/\/zoomproducciones.com.ar\/zoomp\/wp-json\/wp\/v2\/media?parent=11189"}],"wp:term":[{"taxonomy":"category","embeddable":true,"href":"http:\/\/zoomproducciones.com.ar\/zoomp\/wp-json\/wp\/v2\/categories?post=11189"},{"taxonomy":"post_tag","embeddable":true,"href":"http:\/\/zoomproducciones.com.ar\/zoomp\/wp-json\/wp\/v2\/tags?post=11189"}],"curies":[{"name":"wp","href":"https:\/\/api.w.org\/{rel}","templated":true}]}}